{"id":44108,"date":"2024-04-20T15:31:00","date_gmt":"2024-04-20T13:31:00","guid":{"rendered":"https:\/\/montessorilittlebirds.ch\/?p=44108"},"modified":"2026-04-21T09:44:51","modified_gmt":"2026-04-21T07:44:51","slug":"summer-camps","status":"publish","type":"post","link":"https:\/\/montessorilittlebirds.ch\/fr\/summer-camps\/","title":{"rendered":"\ud83c\udf1e 3 semaines pour s'amuser dans nos camps d'\u00e9t\u00e9 en juillet"},"content":{"rendered":"<div data-elementor-type=\"wp-post\" data-elementor-id=\"44108\" class=\"elementor elementor-44108\" data-elementor-post-type=\"post\">\n\t\t\t\t\t\t<section class=\"elementor-section elementor-top-section elementor-element elementor-element-4538cfb elementor-section-boxed elementor-section-height-default elementor-section-height-default\" data-id=\"4538cfb\" data-element_type=\"section\">\n\t\t\t\t\t\t<div class=\"elementor-container elementor-column-gap-default\">\n\t\t\t\t\t<div class=\"elementor-column elementor-col-100 elementor-top-column elementor-element elementor-element-338de1b\" data-id=\"338de1b\" data-element_type=\"column\">\n\t\t\t<div class=\"elementor-widget-wrap elementor-element-populated\">\n\t\t\t\t\t\t<div class=\"elementor-element elementor-element-174de28 elementor-widget elementor-widget-text-editor\" data-id=\"174de28\" data-element_type=\"widget\" data-widget_type=\"text-editor.default\">\n\t\t\t\t<div class=\"elementor-widget-container\">\n\t\t\t<style>\/*! elementor - v3.20.0 - 13-03-2024 *\/\n.elementor-widget-text-editor.elementor-drop-cap-view-stacked .elementor-drop-cap{background-color:#69727d;color:#fff}.elementor-widget-text-editor.elementor-drop-cap-view-framed .elementor-drop-cap{color:#69727d;border:3px solid;background-color:transparent}.elementor-widget-text-editor:not(.elementor-drop-cap-view-default) .elementor-drop-cap{margin-top:8px}.elementor-widget-text-editor:not(.elementor-drop-cap-view-default) .elementor-drop-cap-letter{width:1em;height:1em}.elementor-widget-text-editor .elementor-drop-cap{float:left;text-align:center;line-height:1;font-size:50px}.elementor-widget-text-editor .elementor-drop-cap-letter{display:inline-block}<\/style>\t\t\t\t\t\t\t\t\t\t<\/div>\n\t\t\t\t<\/div>\n\t\t\t\t\t<\/div>\n\t\t<\/div>\n\t\t\t\t\t<\/div>\n\t\t<\/section>\n\t\t\t\t<section class=\"elementor-section elementor-top-section elementor-element elementor-element-261ffc6 elementor-section-boxed elementor-section-height-default elementor-section-height-default\" data-id=\"261ffc6\" data-element_type=\"section\">\n\t\t\t\t\t\t<div class=\"elementor-container elementor-column-gap-default\">\n\t\t\t\t\t<div class=\"elementor-column elementor-col-100 elementor-top-column elementor-element elementor-element-57af35c\" data-id=\"57af35c\" data-element_type=\"column\">\n\t\t\t<div class=\"elementor-widget-wrap elementor-element-populated\">\n\t\t\t\t\t\t<div class=\"elementor-element elementor-element-7ad000b elementor-widget elementor-widget-text-editor\" data-id=\"7ad000b\" data-element_type=\"widget\" data-widget_type=\"text-editor.default\">\n\t\t\t\t<div class=\"elementor-widget-container\">\n\t\t\t\t\t\t\t<p style=\"text-align: center;\"><a href=\"https:\/\/montessorilittlebirds.ch\/fr\/summer-camp\/\" target=\"_blank\" rel=\"noopener\">Inscrivez votre enfant \u00e0 nos camps d'\u00e9t\u00e9.<\/a><\/p><p><a href=\"https:\/\/montessorilittlebirds.ch\/fr\/summer-camp\/\"><img fetchpriority=\"high\" decoding=\"async\" class=\"aligncenter wp-image-44802 size-full\" src=\"https:\/\/montessorilittlebirds.ch\/wp-content\/uploads\/2024\/05\/campete.jpg\" alt=\"\" width=\"650\" height=\"919\" srcset=\"https:\/\/montessorilittlebirds.ch\/wp-content\/uploads\/2024\/05\/campete.jpg 650w, https:\/\/montessorilittlebirds.ch\/wp-content\/uploads\/2024\/05\/campete-212x300.jpg 212w, https:\/\/montessorilittlebirds.ch\/wp-content\/uploads\/2024\/05\/campete-8x12.jpg 8w\" sizes=\"(max-width: 650px) 100vw, 650px\" \/><\/a><\/p>\t\t\t\t\t\t<\/div>\n\t\t\t\t<\/div>\n\t\t\t\t\t<\/div>\n\t\t<\/div>\n\t\t\t\t\t<\/div>\n\t\t<\/section>\n\t\t\t\t<\/div>","protected":false},"excerpt":{"rendered":"<p>Inscrivez votre enfant \u00e0 nos camps d'\u00e9t\u00e9.<\/p>","protected":false},"author":41,"featured_media":44802,"comment_status":"open","ping_status":"open","sticky":false,"template":"","format":"standard","meta":{"footnotes":""},"categories":[62,56],"tags":[],"yoast_head":"<!-- This site is optimized with the Yoast SEO plugin v22.2 - https:\/\/yoast.com\/wordpress\/plugins\/seo\/ -->\n<title>\ud83c\udf1e 3 weeks of fun in our Summer Camps from 30th June to 18th July - Montessori Little Birds<\/title>\n<meta name=\"robots\" content=\"index, follow, max-snippet:-1, max-image-preview:large, max-video-preview:-1\" \/>\n<link rel=\"canonical\" href=\"https:\/\/montessorilittlebirds.ch\/fr\/summer-camps\/\" \/>\n<meta property=\"og:locale\" content=\"fr_FR\" \/>\n<meta property=\"og:type\" content=\"article\" \/>\n<meta property=\"og:title\" content=\"\ud83c\udf1e 3 weeks of fun in our Summer Camps from 30th June to 18th July - Montessori Little Birds\" \/>\n<meta property=\"og:description\" content=\"Register your child for our summer camps.\" \/>\n<meta property=\"og:url\" content=\"https:\/\/montessorilittlebirds.ch\/fr\/summer-camps\/\" \/>\n<meta property=\"og:site_name\" content=\"Montessori Little Birds\" \/>\n<meta property=\"article:published_time\" content=\"2024-04-20T13:31:00+00:00\" \/>\n<meta property=\"article:modified_time\" content=\"2026-04-21T07:44:51+00:00\" \/>\n<meta property=\"og:image\" content=\"https:\/\/montessorilittlebirds.ch\/wp-content\/uploads\/2024\/05\/campete.jpg\" \/>\n\t<meta property=\"og:image:width\" content=\"650\" \/>\n\t<meta property=\"og:image:height\" content=\"919\" \/>\n\t<meta property=\"og:image:type\" content=\"image\/jpeg\" \/>\n<meta name=\"author\" content=\"C\u00e9line Mugnier\" \/>\n<meta name=\"twitter:card\" content=\"summary_large_image\" \/>\n<meta name=\"twitter:label1\" content=\"\u00c9crit par\" \/>\n\t<meta name=\"twitter:data1\" content=\"C\u00e9line Mugnier\" \/>\n\t<meta name=\"twitter:label2\" content=\"Dur\u00e9e de lecture estim\u00e9e\" \/>\n\t<meta name=\"twitter:data2\" content=\"1 minute\" \/>\n<script type=\"application\/ld+json\" class=\"yoast-schema-graph\">{\"@context\":\"https:\/\/schema.org\",\"@graph\":[{\"@type\":\"WebPage\",\"@id\":\"https:\/\/montessorilittlebirds.ch\/summer-camps\/\",\"url\":\"https:\/\/montessorilittlebirds.ch\/summer-camps\/\",\"name\":\"\ud83c\udf1e 3 weeks of fun in our Summer Camps from 30th June to 18th July - Montessori Little Birds\",\"isPartOf\":{\"@id\":\"https:\/\/montessorilittlebirds.ch\/#website\"},\"primaryImageOfPage\":{\"@id\":\"https:\/\/montessorilittlebirds.ch\/summer-camps\/#primaryimage\"},\"image\":{\"@id\":\"https:\/\/montessorilittlebirds.ch\/summer-camps\/#primaryimage\"},\"thumbnailUrl\":\"https:\/\/montessorilittlebirds.ch\/wp-content\/uploads\/2024\/05\/campete.jpg\",\"datePublished\":\"2024-04-20T13:31:00+00:00\",\"dateModified\":\"2026-04-21T07:44:51+00:00\",\"author\":{\"@id\":\"https:\/\/montessorilittlebirds.ch\/#\/schema\/person\/8cce04fe7cf347cfd02583312f2c3138\"},\"breadcrumb\":{\"@id\":\"https:\/\/montessorilittlebirds.ch\/summer-camps\/#breadcrumb\"},\"inLanguage\":\"fr-FR\",\"potentialAction\":[{\"@type\":\"ReadAction\",\"target\":[\"https:\/\/montessorilittlebirds.ch\/summer-camps\/\"]}]},{\"@type\":\"ImageObject\",\"inLanguage\":\"fr-FR\",\"@id\":\"https:\/\/montessorilittlebirds.ch\/summer-camps\/#primaryimage\",\"url\":\"https:\/\/montessorilittlebirds.ch\/wp-content\/uploads\/2024\/05\/campete.jpg\",\"contentUrl\":\"https:\/\/montessorilittlebirds.ch\/wp-content\/uploads\/2024\/05\/campete.jpg\",\"width\":650,\"height\":919},{\"@type\":\"BreadcrumbList\",\"@id\":\"https:\/\/montessorilittlebirds.ch\/summer-camps\/#breadcrumb\",\"itemListElement\":[{\"@type\":\"ListItem\",\"position\":1,\"name\":\"Home\",\"item\":\"https:\/\/montessorilittlebirds.ch\/fr\/\"},{\"@type\":\"ListItem\",\"position\":2,\"name\":\"\ud83c\udf1e 3 weeks of fun in our Summer Camps from 30th June to 18th July\"}]},{\"@type\":\"WebSite\",\"@id\":\"https:\/\/montessorilittlebirds.ch\/#website\",\"url\":\"https:\/\/montessorilittlebirds.ch\/\",\"name\":\"Montessori Little Birds\",\"description\":\"Ecole Montessori Bilingue, 3-6 ans \u00e0 Onex, Gen\u00e8ve\",\"potentialAction\":[{\"@type\":\"SearchAction\",\"target\":{\"@type\":\"EntryPoint\",\"urlTemplate\":\"https:\/\/montessorilittlebirds.ch\/?s={search_term_string}\"},\"query-input\":\"required name=search_term_string\"}],\"inLanguage\":\"fr-FR\"},{\"@type\":\"Person\",\"@id\":\"https:\/\/montessorilittlebirds.ch\/#\/schema\/person\/8cce04fe7cf347cfd02583312f2c3138\",\"name\":\"C\u00e9line Mugnier\",\"image\":{\"@type\":\"ImageObject\",\"inLanguage\":\"fr-FR\",\"@id\":\"https:\/\/montessorilittlebirds.ch\/#\/schema\/person\/image\/\",\"url\":\"https:\/\/secure.gravatar.com\/avatar\/57be55f57769af31a1de159250518481?s=96&d=mm&r=g\",\"contentUrl\":\"https:\/\/secure.gravatar.com\/avatar\/57be55f57769af31a1de159250518481?s=96&d=mm&r=g\",\"caption\":\"C\u00e9line Mugnier\"},\"url\":\"https:\/\/montessorilittlebirds.ch\/fr\/author\/celinem\/\"}]}<\/script>\n<!-- \/ Yoast SEO plugin. -->","yoast_head_json":{"title":"\ud83c\udf1e 3 weeks of fun in our Summer Camps from 30th June to 18th July - Montessori Little Birds","robots":{"index":"index","follow":"follow","max-snippet":"max-snippet:-1","max-image-preview":"max-image-preview:large","max-video-preview":"max-video-preview:-1"},"canonical":"https:\/\/montessorilittlebirds.ch\/fr\/summer-camps\/","og_locale":"fr_FR","og_type":"article","og_title":"\ud83c\udf1e 3 weeks of fun in our Summer Camps from 30th June to 18th July - Montessori Little Birds","og_description":"Register your child for our summer camps.","og_url":"https:\/\/montessorilittlebirds.ch\/fr\/summer-camps\/","og_site_name":"Montessori Little Birds","article_published_time":"2024-04-20T13:31:00+00:00","article_modified_time":"2026-04-21T07:44:51+00:00","og_image":[{"width":650,"height":919,"url":"https:\/\/montessorilittlebirds.ch\/wp-content\/uploads\/2024\/05\/campete.jpg","type":"image\/jpeg"}],"author":"C\u00e9line Mugnier","twitter_card":"summary_large_image","twitter_misc":{"\u00c9crit par":"C\u00e9line Mugnier","Dur\u00e9e de lecture estim\u00e9e":"1 minute"},"schema":{"@context":"https:\/\/schema.org","@graph":[{"@type":"WebPage","@id":"https:\/\/montessorilittlebirds.ch\/summer-camps\/","url":"https:\/\/montessorilittlebirds.ch\/summer-camps\/","name":"\ud83c\udf1e 3 weeks of fun in our Summer Camps from 30th June to 18th July - Montessori Little Birds","isPartOf":{"@id":"https:\/\/montessorilittlebirds.ch\/#website"},"primaryImageOfPage":{"@id":"https:\/\/montessorilittlebirds.ch\/summer-camps\/#primaryimage"},"image":{"@id":"https:\/\/montessorilittlebirds.ch\/summer-camps\/#primaryimage"},"thumbnailUrl":"https:\/\/montessorilittlebirds.ch\/wp-content\/uploads\/2024\/05\/campete.jpg","datePublished":"2024-04-20T13:31:00+00:00","dateModified":"2026-04-21T07:44:51+00:00","author":{"@id":"https:\/\/montessorilittlebirds.ch\/#\/schema\/person\/8cce04fe7cf347cfd02583312f2c3138"},"breadcrumb":{"@id":"https:\/\/montessorilittlebirds.ch\/summer-camps\/#breadcrumb"},"inLanguage":"fr-FR","potentialAction":[{"@type":"ReadAction","target":["https:\/\/montessorilittlebirds.ch\/summer-camps\/"]}]},{"@type":"ImageObject","inLanguage":"fr-FR","@id":"https:\/\/montessorilittlebirds.ch\/summer-camps\/#primaryimage","url":"https:\/\/montessorilittlebirds.ch\/wp-content\/uploads\/2024\/05\/campete.jpg","contentUrl":"https:\/\/montessorilittlebirds.ch\/wp-content\/uploads\/2024\/05\/campete.jpg","width":650,"height":919},{"@type":"BreadcrumbList","@id":"https:\/\/montessorilittlebirds.ch\/summer-camps\/#breadcrumb","itemListElement":[{"@type":"ListItem","position":1,"name":"Home","item":"https:\/\/montessorilittlebirds.ch\/fr\/"},{"@type":"ListItem","position":2,"name":"\ud83c\udf1e 3 weeks of fun in our Summer Camps from 30th June to 18th July"}]},{"@type":"WebSite","@id":"https:\/\/montessorilittlebirds.ch\/#website","url":"https:\/\/montessorilittlebirds.ch\/","name":"Montessori Little Birds","description":"Ecole Montessori Bilingue, 3-6 ans \u00e0 Onex, Gen\u00e8ve","potentialAction":[{"@type":"SearchAction","target":{"@type":"EntryPoint","urlTemplate":"https:\/\/montessorilittlebirds.ch\/?s={search_term_string}"},"query-input":"required name=search_term_string"}],"inLanguage":"fr-FR"},{"@type":"Person","@id":"https:\/\/montessorilittlebirds.ch\/#\/schema\/person\/8cce04fe7cf347cfd02583312f2c3138","name":"C\u00e9line Mugnier","image":{"@type":"ImageObject","inLanguage":"fr-FR","@id":"https:\/\/montessorilittlebirds.ch\/#\/schema\/person\/image\/","url":"https:\/\/secure.gravatar.com\/avatar\/57be55f57769af31a1de159250518481?s=96&d=mm&r=g","contentUrl":"https:\/\/secure.gravatar.com\/avatar\/57be55f57769af31a1de159250518481?s=96&d=mm&r=g","caption":"C\u00e9line Mugnier"},"url":"https:\/\/montessorilittlebirds.ch\/fr\/author\/celinem\/"}]}},"_links":{"self":[{"href":"https:\/\/montessorilittlebirds.ch\/fr\/wp-json\/wp\/v2\/posts\/44108"}],"collection":[{"href":"https:\/\/montessorilittlebirds.ch\/fr\/wp-json\/wp\/v2\/posts"}],"about":[{"href":"https:\/\/montessorilittlebirds.ch\/fr\/wp-json\/wp\/v2\/types\/post"}],"author":[{"embeddable":true,"href":"https:\/\/montessorilittlebirds.ch\/fr\/wp-json\/wp\/v2\/users\/41"}],"replies":[{"embeddable":true,"href":"https:\/\/montessorilittlebirds.ch\/fr\/wp-json\/wp\/v2\/comments?post=44108"}],"version-history":[{"count":1,"href":"https:\/\/montessorilittlebirds.ch\/fr\/wp-json\/wp\/v2\/posts\/44108\/revisions"}],"predecessor-version":[{"id":48934,"href":"https:\/\/montessorilittlebirds.ch\/fr\/wp-json\/wp\/v2\/posts\/44108\/revisions\/48934"}],"wp:featuredmedia":[{"embeddable":true,"href":"https:\/\/montessorilittlebirds.ch\/fr\/wp-json\/wp\/v2\/media\/44802"}],"wp:attachment":[{"href":"https:\/\/montessorilittlebirds.ch\/fr\/wp-json\/wp\/v2\/media?parent=44108"}],"wp:term":[{"taxonomy":"category","embeddable":true,"href":"https:\/\/montessorilittlebirds.ch\/fr\/wp-json\/wp\/v2\/categories?post=44108"},{"taxonomy":"post_tag","embeddable":true,"href":"https:\/\/montessorilittlebirds.ch\/fr\/wp-json\/wp\/v2\/tags?post=44108"}],"curies":[{"name":"wp","href":"https:\/\/api.w.org\/{rel}","templated":true}]}}